{"id":210,"date":"2025-05-05T17:28:13","date_gmt":"2025-05-05T17:28:13","guid":{"rendered":"https:\/\/www.interiorismoestrada.com\/blog\/?p=210"},"modified":"2025-05-05T17:28:13","modified_gmt":"2025-05-05T17:28:13","slug":"y-si-tu-casa-hablase-murciano-claves-del-interiorismo","status":"publish","type":"post","link":"https:\/\/www.interiorismoestrada.com\/blog\/2025\/05\/05\/y-si-tu-casa-hablase-murciano-claves-del-interiorismo\/","title":{"rendered":"\u00bfY si tu casa hablase murciano? Claves del interiorismo con sabor local."},"content":{"rendered":"<h2>Introducci\u00f3n<\/h2>\n<p>El interiorismo no es solo una cuesti\u00f3n de est\u00e9tica; es una forma de contar qui\u00e9nes somos, de proyectar nuestra identidad a trav\u00e9s de los espacios que habitamos. En <a href=\"https:\/\/interiorismoestrada.com\/sobre-nosotros\" target=\"_blank\" rel=\"noopener\">Interiorismo Estrada<\/a>, con m\u00e1s de 40 a\u00f1os en el sector, defendemos que una casa debe hablar de sus due\u00f1os\u2026 y si est\u00e1 en la Regi\u00f3n de Murcia, tambi\u00e9n deber\u00eda hablar murciano.<br data-start=\"764\" data-end=\"767\" \/>En esta entrada te contamos c\u00f3mo trasladar la esencia local al dise\u00f1o de interiores con autenticidad, elegancia y funcionalidad.<\/p>\n<h2>Murcia en los materiales: nobleza y tradici\u00f3n<\/h2>\n<p class=\"\" data-start=\"970\" data-end=\"1312\">Uno de los pilares del interiorismo murciano es la elecci\u00f3n de materiales. La madera, la cer\u00e1mica artesanal y la piedra natural evocan nuestras ra\u00edces.<br data-start=\"1121\" data-end=\"1124\" \/>En Interiorismo Estrada trabajamos con <strong data-start=\"1163\" data-end=\"1196\">madera maciza de roble y pino<\/strong>, recuperamos elementos antiguos como vigas o puertas restauradas, y combinamos lo tradicional con lo contempor\u00e1neo.<\/p>\n<p class=\"\" data-start=\"1314\" data-end=\"1469\">El resultado: espacios que respiran autenticidad sin renunciar a la modernidad. Porque lo moderno no est\u00e1 re\u00f1ido con lo aut\u00f3ctono, y en Murcia eso se nota.<\/p>\n<h2 data-start=\"1314\" data-end=\"1469\">Colores con denominaci\u00f3n de origen<\/h2>\n<p class=\"\" data-start=\"1533\" data-end=\"1832\">La luz de nuestra tierra marca tambi\u00e9n la paleta crom\u00e1tica ideal para el dise\u00f1o de interiores. <strong data-start=\"1628\" data-end=\"1690\">Tonos tierra, arcilla, ocres, blancos rotos y verdes olivo<\/strong> evocan el paisaje murciano.<br data-start=\"1718\" data-end=\"1721\" \/>Estos colores no solo aportan calidez, sino que armonizan con la luz natural intensa que caracteriza la Regi\u00f3n.<\/p>\n<p class=\"\" data-start=\"1834\" data-end=\"1983\">En viviendas de costa o zonas rurales, los azules suaves y las fibras naturales como el esparto o el lino dan continuidad visual al entorno exterior.<\/p>\n<h2 data-start=\"1834\" data-end=\"1983\">Funcionalidad murciana: espacios vividos, no mostrados<\/h2>\n<p class=\"\" data-start=\"2067\" data-end=\"2333\">El estilo murciano valora lo pr\u00e1ctico. En nuestras casas no se vive de escaparate, sino de sobremesa, de familia, de patio abierto. Por eso, nuestros proyectos de interiorismo en Murcia incluyen <strong data-start=\"2262\" data-end=\"2332\"><a href=\"https:\/\/interiorismoestrada.com\/servicios\/cocinas-a-medida\" target=\"_blank\" rel=\"noopener\">cocinas abiertas<\/a>, salones vers\u00e1tiles y zonas exteriores integradas<\/strong>.<\/p>\n<p class=\"\" data-start=\"2335\" data-end=\"2524\">Dise\u00f1amos espacios pensados para ser disfrutados, adaptados al clima, a las costumbres y al ritmo de vida de quienes los habitan. Nada de artificios; aqu\u00ed lo importante es sentirse en casa.<\/p>\n<h2 data-start=\"2335\" data-end=\"2524\">Interiorismo Murcia con alma: lo que nos hace \u00fanicos<\/h2>\n<p class=\"\" data-start=\"2606\" data-end=\"2804\">Murcia tiene alma, y eso se nota en sus casas. Desde una l\u00e1mpara colgante de forja hasta un <a href=\"https:\/\/interiorismoestrada.com\/servicios\/armarios-a-medida\" target=\"_blank\" rel=\"noopener\">mueble hecho a medida<\/a> en nuestro taller de carpinter\u00eda, cada detalle puede reflejar un pedazo de historia.<\/p>\n<p class=\"\" data-start=\"2806\" data-end=\"2974\">En Interiorismo Estrada entendemos que el interiorismo murciano no es una tendencia, es un legado. Y nosotros estamos aqu\u00ed para actualizarlo, personalizarlo y elevarlo.<\/p>\n<h2 data-start=\"2806\" data-end=\"2974\">\u00bfQuieres que tu casa hable murciano?<\/h2>\n<p>\ud83d\udd38 En Interiorismo Estrada dise\u00f1amos espacios con car\u00e1cter local, adaptados a tus gustos y tu historia.<br data-start=\"3149\" data-end=\"3152\" \/>\ud83d\udc49 <a class=\"\" href=\"https:\/\/www.interiorismoestrada.com\/contacto.html\" target=\"_blank\" rel=\"noopener\" data-start=\"3155\" data-end=\"3267\">Cont\u00e1ctanos y empieza tu proyecto de interiorismo en Murcia<\/a><\/p>\n","protected":false},"excerpt":{"rendered":"<p>Introducci\u00f3n El interiorismo no es solo una cuesti\u00f3n de est\u00e9tica; es una forma de contar qui\u00e9nes somos, de proyectar nuestra identidad a trav\u00e9s de los espacios que habitamos. En Interiorismo Estrada, con m\u00e1s de 40 a\u00f1os en el sector, defendemos que una casa debe hablar de sus due\u00f1os\u2026 y si est\u00e1 en la Regi\u00f3n de Murcia, tambi\u00e9n deber\u00eda hablar murciano.En esta entrada te contamos c\u00f3mo trasladar la esencia local al dise\u00f1o de interiores con autenticidad, elegancia y funcionalidad. Murcia en los materiales: nobleza y tradici\u00f3n Uno de los pilares del interiorismo murciano es la elecci\u00f3n de materiales. La madera, la cer\u00e1mica artesanal y la piedra natural evocan nuestras ra\u00edces.En Interiorismo Estrada trabajamos con madera maciza de roble y pino, recuperamos elementos antiguos como vigas o puertas restauradas, y combinamos lo tradicional con lo contempor\u00e1neo. El resultado: espacios que respiran autenticidad sin renunciar a la modernidad. Porque lo moderno no est\u00e1 re\u00f1ido con lo aut\u00f3ctono, y en Murcia eso se nota. Colores con denominaci\u00f3n de origen La luz de nuestra tierra marca tambi\u00e9n la paleta crom\u00e1tica ideal para el dise\u00f1o de interiores. Tonos tierra, arcilla, ocres, blancos rotos y verdes olivo evocan el paisaje murciano.Estos colores no solo aportan calidez, sino que armonizan con la luz natural intensa que caracteriza la Regi\u00f3n. En viviendas de costa o zonas rurales, los azules suaves y las fibras naturales como el esparto o el lino dan continuidad visual al entorno exterior. Funcionalidad murciana: espacios vividos, no mostrados El estilo murciano valora lo pr\u00e1ctico. En nuestras casas no se vive de escaparate, sino de sobremesa, de familia, de patio abierto. Por eso, nuestros proyectos de interiorismo en Murcia incluyen cocinas abiertas, salones vers\u00e1tiles y zonas exteriores integradas. Dise\u00f1amos espacios pensados para ser disfrutados, adaptados al clima, a las costumbres y al ritmo de vida de quienes los habitan. Nada de artificios; aqu\u00ed lo importante es sentirse en casa. Interiorismo Murcia con alma: lo que nos hace \u00fanicos Murcia tiene alma, y eso se nota en sus casas. Desde una l\u00e1mpara colgante de forja hasta un mueble hecho a medida en nuestro taller de carpinter\u00eda, cada detalle puede reflejar un pedazo de historia. En Interiorismo Estrada entendemos que el interiorismo murciano no es una tendencia, es un legado. Y nosotros estamos aqu\u00ed para actualizarlo, personalizarlo y elevarlo. \u00bfQuieres que tu casa hable murciano? \ud83d\udd38 En Interiorismo Estrada dise\u00f1amos espacios con car\u00e1cter local, adaptados a tus gustos y tu historia.\ud83d\udc49 Cont\u00e1ctanos y empieza tu proyecto de interiorismo en Murcia<\/p>\n","protected":false},"author":1,"featured_media":213,"comment_status":"open","ping_status":"closed","sticky":false,"template":"","format":"standard","meta":{"footnotes":""},"categories":[7],"tags":[],"class_list":["post-210","post","type-post","status-publish","format-standard","has-post-thumbnail","hentry","category-interiorismo"],"yoast_head":"<!-- This site is optimized with the Yoast SEO plugin v27.2 - https:\/\/yoast.com\/product\/yoast-seo-wordpress\/ -->\n<title>\u00bfY si tu casa hablase murciano? Claves del interiorismo con sabor local. - Blog Interiorismo Estrada<\/title>\n<meta name=\"description\" content=\"Descubre c\u00f3mo aplicar el interiorismo con esencia murciana en tu hogar: materiales locales, colores c\u00e1lidos y dise\u00f1o funcional que refleja tu identidad.\" \/>\n<meta name=\"robots\" content=\"index, follow, max-snippet:-1, max-image-preview:large, max-video-preview:-1\" \/>\n<link rel=\"canonical\" href=\"https:\/\/www.interiorismoestrada.com\/blog\/2025\/05\/05\/y-si-tu-casa-hablase-murciano-claves-del-interiorismo\/\" \/>\n<meta property=\"og:locale\" content=\"es_ES\" \/>\n<meta property=\"og:type\" content=\"article\" \/>\n<meta property=\"og:title\" content=\"\u00bfY si tu casa hablase murciano? Claves del interiorismo con sabor local. - Blog Interiorismo Estrada\" \/>\n<meta property=\"og:description\" content=\"Descubre c\u00f3mo aplicar el interiorismo con esencia murciana en tu hogar: materiales locales, colores c\u00e1lidos y dise\u00f1o funcional que refleja tu identidad.\" \/>\n<meta property=\"og:url\" content=\"https:\/\/www.interiorismoestrada.com\/blog\/2025\/05\/05\/y-si-tu-casa-hablase-murciano-claves-del-interiorismo\/\" \/>\n<meta property=\"og:site_name\" content=\"Blog Interiorismo Estrada\" \/>\n<meta property=\"article:published_time\" content=\"2025-05-05T17:28:13+00:00\" \/>\n<meta property=\"og:image\" content=\"https:\/\/www.interiorismoestrada.com\/blog\/wp-content\/uploads\/2025\/05\/ChatGPT-Image-5-may-2025-19_24_54.png\" \/>\n\t<meta property=\"og:image:width\" content=\"960\" \/>\n\t<meta property=\"og:image:height\" content=\"960\" \/>\n\t<meta property=\"og:image:type\" content=\"image\/png\" \/>\n<meta name=\"author\" content=\"Interiorismo Estrada\" \/>\n<meta name=\"twitter:card\" content=\"summary_large_image\" \/>\n<meta name=\"twitter:label1\" content=\"Escrito por\" \/>\n\t<meta name=\"twitter:data1\" content=\"Interiorismo Estrada\" \/>\n\t<meta name=\"twitter:label2\" content=\"Tiempo de lectura\" \/>\n\t<meta name=\"twitter:data2\" content=\"3 minutos\" \/>\n<script type=\"application\/ld+json\" class=\"yoast-schema-graph\">{\"@context\":\"https:\/\/schema.org\",\"@graph\":[{\"@type\":\"Article\",\"@id\":\"https:\/\/www.interiorismoestrada.com\/blog\/2025\/05\/05\/y-si-tu-casa-hablase-murciano-claves-del-interiorismo\/#article\",\"isPartOf\":{\"@id\":\"https:\/\/www.interiorismoestrada.com\/blog\/2025\/05\/05\/y-si-tu-casa-hablase-murciano-claves-del-interiorismo\/\"},\"author\":{\"name\":\"Interiorismo Estrada\",\"@id\":\"https:\/\/www.interiorismoestrada.com\/blog\/#\/schema\/person\/242c1b14e7c0c8bdb8cd79e4d82834a1\"},\"headline\":\"\u00bfY si tu casa hablase murciano? Claves del interiorismo con sabor local.\",\"datePublished\":\"2025-05-05T17:28:13+00:00\",\"mainEntityOfPage\":{\"@id\":\"https:\/\/www.interiorismoestrada.com\/blog\/2025\/05\/05\/y-si-tu-casa-hablase-murciano-claves-del-interiorismo\/\"},\"wordCount\":458,\"commentCount\":0,\"image\":{\"@id\":\"https:\/\/www.interiorismoestrada.com\/blog\/2025\/05\/05\/y-si-tu-casa-hablase-murciano-claves-del-interiorismo\/#primaryimage\"},\"thumbnailUrl\":\"https:\/\/www.interiorismoestrada.com\/blog\/wp-content\/uploads\/2025\/05\/ChatGPT-Image-5-may-2025-19_24_54.png\",\"articleSection\":[\"Interiorismo\"],\"inLanguage\":\"es\",\"potentialAction\":[{\"@type\":\"CommentAction\",\"name\":\"Comment\",\"target\":[\"https:\/\/www.interiorismoestrada.com\/blog\/2025\/05\/05\/y-si-tu-casa-hablase-murciano-claves-del-interiorismo\/#respond\"]}]},{\"@type\":\"WebPage\",\"@id\":\"https:\/\/www.interiorismoestrada.com\/blog\/2025\/05\/05\/y-si-tu-casa-hablase-murciano-claves-del-interiorismo\/\",\"url\":\"https:\/\/www.interiorismoestrada.com\/blog\/2025\/05\/05\/y-si-tu-casa-hablase-murciano-claves-del-interiorismo\/\",\"name\":\"\u00bfY si tu casa hablase murciano? Claves del interiorismo con sabor local. - Blog Interiorismo Estrada\",\"isPartOf\":{\"@id\":\"https:\/\/www.interiorismoestrada.com\/blog\/#website\"},\"primaryImageOfPage\":{\"@id\":\"https:\/\/www.interiorismoestrada.com\/blog\/2025\/05\/05\/y-si-tu-casa-hablase-murciano-claves-del-interiorismo\/#primaryimage\"},\"image\":{\"@id\":\"https:\/\/www.interiorismoestrada.com\/blog\/2025\/05\/05\/y-si-tu-casa-hablase-murciano-claves-del-interiorismo\/#primaryimage\"},\"thumbnailUrl\":\"https:\/\/www.interiorismoestrada.com\/blog\/wp-content\/uploads\/2025\/05\/ChatGPT-Image-5-may-2025-19_24_54.png\",\"datePublished\":\"2025-05-05T17:28:13+00:00\",\"author\":{\"@id\":\"https:\/\/www.interiorismoestrada.com\/blog\/#\/schema\/person\/242c1b14e7c0c8bdb8cd79e4d82834a1\"},\"description\":\"Descubre c\u00f3mo aplicar el interiorismo con esencia murciana en tu hogar: materiales locales, colores c\u00e1lidos y dise\u00f1o funcional que refleja tu identidad.\",\"breadcrumb\":{\"@id\":\"https:\/\/www.interiorismoestrada.com\/blog\/2025\/05\/05\/y-si-tu-casa-hablase-murciano-claves-del-interiorismo\/#breadcrumb\"},\"inLanguage\":\"es\",\"potentialAction\":[{\"@type\":\"ReadAction\",\"target\":[\"https:\/\/www.interiorismoestrada.com\/blog\/2025\/05\/05\/y-si-tu-casa-hablase-murciano-claves-del-interiorismo\/\"]}]},{\"@type\":\"ImageObject\",\"inLanguage\":\"es\",\"@id\":\"https:\/\/www.interiorismoestrada.com\/blog\/2025\/05\/05\/y-si-tu-casa-hablase-murciano-claves-del-interiorismo\/#primaryimage\",\"url\":\"https:\/\/www.interiorismoestrada.com\/blog\/wp-content\/uploads\/2025\/05\/ChatGPT-Image-5-may-2025-19_24_54.png\",\"contentUrl\":\"https:\/\/www.interiorismoestrada.com\/blog\/wp-content\/uploads\/2025\/05\/ChatGPT-Image-5-may-2025-19_24_54.png\",\"width\":1024,\"height\":1024,\"caption\":\"Interior de vivienda con dise\u00f1o murciano tradicional reinterpretado en clave moderna, ejemplo de interiorismo local con materiales nobles.\"},{\"@type\":\"BreadcrumbList\",\"@id\":\"https:\/\/www.interiorismoestrada.com\/blog\/2025\/05\/05\/y-si-tu-casa-hablase-murciano-claves-del-interiorismo\/#breadcrumb\",\"itemListElement\":[{\"@type\":\"ListItem\",\"position\":1,\"name\":\"Portada\",\"item\":\"https:\/\/www.interiorismoestrada.com\/blog\/\"},{\"@type\":\"ListItem\",\"position\":2,\"name\":\"\u00bfY si tu casa hablase murciano? Claves del interiorismo con sabor local.\"}]},{\"@type\":\"WebSite\",\"@id\":\"https:\/\/www.interiorismoestrada.com\/blog\/#website\",\"url\":\"https:\/\/www.interiorismoestrada.com\/blog\/\",\"name\":\"Blog Interiorismo Estrada\",\"description\":\"Especialistas en carpinter\u00eda y ebanister\u00eda\",\"potentialAction\":[{\"@type\":\"SearchAction\",\"target\":{\"@type\":\"EntryPoint\",\"urlTemplate\":\"https:\/\/www.interiorismoestrada.com\/blog\/?s={search_term_string}\"},\"query-input\":{\"@type\":\"PropertyValueSpecification\",\"valueRequired\":true,\"valueName\":\"search_term_string\"}}],\"inLanguage\":\"es\"},{\"@type\":\"Person\",\"@id\":\"https:\/\/www.interiorismoestrada.com\/blog\/#\/schema\/person\/242c1b14e7c0c8bdb8cd79e4d82834a1\",\"name\":\"Interiorismo Estrada\",\"image\":{\"@type\":\"ImageObject\",\"inLanguage\":\"es\",\"@id\":\"https:\/\/secure.gravatar.com\/avatar\/134325dbe74596d45379805d09e32dd8e2c10958f76cc571246d0254c57989e1?s=96&d=mm&r=g\",\"url\":\"https:\/\/secure.gravatar.com\/avatar\/134325dbe74596d45379805d09e32dd8e2c10958f76cc571246d0254c57989e1?s=96&d=mm&r=g\",\"contentUrl\":\"https:\/\/secure.gravatar.com\/avatar\/134325dbe74596d45379805d09e32dd8e2c10958f76cc571246d0254c57989e1?s=96&d=mm&r=g\",\"caption\":\"Interiorismo Estrada\"},\"sameAs\":[\"https:\/\/www.interiorismoestrada.com\/blog\"],\"url\":\"https:\/\/www.interiorismoestrada.com\/blog\/author\/interiorismo-estrada\/\"}]}<\/script>\n<!-- \/ Yoast SEO plugin. -->","yoast_head_json":{"title":"\u00bfY si tu casa hablase murciano? Claves del interiorismo con sabor local. - Blog Interiorismo Estrada","description":"Descubre c\u00f3mo aplicar el interiorismo con esencia murciana en tu hogar: materiales locales, colores c\u00e1lidos y dise\u00f1o funcional que refleja tu identidad.","robots":{"index":"index","follow":"follow","max-snippet":"max-snippet:-1","max-image-preview":"max-image-preview:large","max-video-preview":"max-video-preview:-1"},"canonical":"https:\/\/www.interiorismoestrada.com\/blog\/2025\/05\/05\/y-si-tu-casa-hablase-murciano-claves-del-interiorismo\/","og_locale":"es_ES","og_type":"article","og_title":"\u00bfY si tu casa hablase murciano? Claves del interiorismo con sabor local. - Blog Interiorismo Estrada","og_description":"Descubre c\u00f3mo aplicar el interiorismo con esencia murciana en tu hogar: materiales locales, colores c\u00e1lidos y dise\u00f1o funcional que refleja tu identidad.","og_url":"https:\/\/www.interiorismoestrada.com\/blog\/2025\/05\/05\/y-si-tu-casa-hablase-murciano-claves-del-interiorismo\/","og_site_name":"Blog Interiorismo Estrada","article_published_time":"2025-05-05T17:28:13+00:00","og_image":[{"url":"https:\/\/www.interiorismoestrada.com\/blog\/wp-content\/uploads\/2025\/05\/ChatGPT-Image-5-may-2025-19_24_54.png","width":960,"height":960,"type":"image\/png"}],"author":"Interiorismo Estrada","twitter_card":"summary_large_image","twitter_misc":{"Escrito por":"Interiorismo Estrada","Tiempo de lectura":"3 minutos"},"schema":{"@context":"https:\/\/schema.org","@graph":[{"@type":"Article","@id":"https:\/\/www.interiorismoestrada.com\/blog\/2025\/05\/05\/y-si-tu-casa-hablase-murciano-claves-del-interiorismo\/#article","isPartOf":{"@id":"https:\/\/www.interiorismoestrada.com\/blog\/2025\/05\/05\/y-si-tu-casa-hablase-murciano-claves-del-interiorismo\/"},"author":{"name":"Interiorismo Estrada","@id":"https:\/\/www.interiorismoestrada.com\/blog\/#\/schema\/person\/242c1b14e7c0c8bdb8cd79e4d82834a1"},"headline":"\u00bfY si tu casa hablase murciano? Claves del interiorismo con sabor local.","datePublished":"2025-05-05T17:28:13+00:00","mainEntityOfPage":{"@id":"https:\/\/www.interiorismoestrada.com\/blog\/2025\/05\/05\/y-si-tu-casa-hablase-murciano-claves-del-interiorismo\/"},"wordCount":458,"commentCount":0,"image":{"@id":"https:\/\/www.interiorismoestrada.com\/blog\/2025\/05\/05\/y-si-tu-casa-hablase-murciano-claves-del-interiorismo\/#primaryimage"},"thumbnailUrl":"https:\/\/www.interiorismoestrada.com\/blog\/wp-content\/uploads\/2025\/05\/ChatGPT-Image-5-may-2025-19_24_54.png","articleSection":["Interiorismo"],"inLanguage":"es","potentialAction":[{"@type":"CommentAction","name":"Comment","target":["https:\/\/www.interiorismoestrada.com\/blog\/2025\/05\/05\/y-si-tu-casa-hablase-murciano-claves-del-interiorismo\/#respond"]}]},{"@type":"WebPage","@id":"https:\/\/www.interiorismoestrada.com\/blog\/2025\/05\/05\/y-si-tu-casa-hablase-murciano-claves-del-interiorismo\/","url":"https:\/\/www.interiorismoestrada.com\/blog\/2025\/05\/05\/y-si-tu-casa-hablase-murciano-claves-del-interiorismo\/","name":"\u00bfY si tu casa hablase murciano? Claves del interiorismo con sabor local. - Blog Interiorismo Estrada","isPartOf":{"@id":"https:\/\/www.interiorismoestrada.com\/blog\/#website"},"primaryImageOfPage":{"@id":"https:\/\/www.interiorismoestrada.com\/blog\/2025\/05\/05\/y-si-tu-casa-hablase-murciano-claves-del-interiorismo\/#primaryimage"},"image":{"@id":"https:\/\/www.interiorismoestrada.com\/blog\/2025\/05\/05\/y-si-tu-casa-hablase-murciano-claves-del-interiorismo\/#primaryimage"},"thumbnailUrl":"https:\/\/www.interiorismoestrada.com\/blog\/wp-content\/uploads\/2025\/05\/ChatGPT-Image-5-may-2025-19_24_54.png","datePublished":"2025-05-05T17:28:13+00:00","author":{"@id":"https:\/\/www.interiorismoestrada.com\/blog\/#\/schema\/person\/242c1b14e7c0c8bdb8cd79e4d82834a1"},"description":"Descubre c\u00f3mo aplicar el interiorismo con esencia murciana en tu hogar: materiales locales, colores c\u00e1lidos y dise\u00f1o funcional que refleja tu identidad.","breadcrumb":{"@id":"https:\/\/www.interiorismoestrada.com\/blog\/2025\/05\/05\/y-si-tu-casa-hablase-murciano-claves-del-interiorismo\/#breadcrumb"},"inLanguage":"es","potentialAction":[{"@type":"ReadAction","target":["https:\/\/www.interiorismoestrada.com\/blog\/2025\/05\/05\/y-si-tu-casa-hablase-murciano-claves-del-interiorismo\/"]}]},{"@type":"ImageObject","inLanguage":"es","@id":"https:\/\/www.interiorismoestrada.com\/blog\/2025\/05\/05\/y-si-tu-casa-hablase-murciano-claves-del-interiorismo\/#primaryimage","url":"https:\/\/www.interiorismoestrada.com\/blog\/wp-content\/uploads\/2025\/05\/ChatGPT-Image-5-may-2025-19_24_54.png","contentUrl":"https:\/\/www.interiorismoestrada.com\/blog\/wp-content\/uploads\/2025\/05\/ChatGPT-Image-5-may-2025-19_24_54.png","width":1024,"height":1024,"caption":"Interior de vivienda con dise\u00f1o murciano tradicional reinterpretado en clave moderna, ejemplo de interiorismo local con materiales nobles."},{"@type":"BreadcrumbList","@id":"https:\/\/www.interiorismoestrada.com\/blog\/2025\/05\/05\/y-si-tu-casa-hablase-murciano-claves-del-interiorismo\/#breadcrumb","itemListElement":[{"@type":"ListItem","position":1,"name":"Portada","item":"https:\/\/www.interiorismoestrada.com\/blog\/"},{"@type":"ListItem","position":2,"name":"\u00bfY si tu casa hablase murciano? Claves del interiorismo con sabor local."}]},{"@type":"WebSite","@id":"https:\/\/www.interiorismoestrada.com\/blog\/#website","url":"https:\/\/www.interiorismoestrada.com\/blog\/","name":"Blog Interiorismo Estrada","description":"Especialistas en carpinter\u00eda y ebanister\u00eda","potentialAction":[{"@type":"SearchAction","target":{"@type":"EntryPoint","urlTemplate":"https:\/\/www.interiorismoestrada.com\/blog\/?s={search_term_string}"},"query-input":{"@type":"PropertyValueSpecification","valueRequired":true,"valueName":"search_term_string"}}],"inLanguage":"es"},{"@type":"Person","@id":"https:\/\/www.interiorismoestrada.com\/blog\/#\/schema\/person\/242c1b14e7c0c8bdb8cd79e4d82834a1","name":"Interiorismo Estrada","image":{"@type":"ImageObject","inLanguage":"es","@id":"https:\/\/secure.gravatar.com\/avatar\/134325dbe74596d45379805d09e32dd8e2c10958f76cc571246d0254c57989e1?s=96&d=mm&r=g","url":"https:\/\/secure.gravatar.com\/avatar\/134325dbe74596d45379805d09e32dd8e2c10958f76cc571246d0254c57989e1?s=96&d=mm&r=g","contentUrl":"https:\/\/secure.gravatar.com\/avatar\/134325dbe74596d45379805d09e32dd8e2c10958f76cc571246d0254c57989e1?s=96&d=mm&r=g","caption":"Interiorismo Estrada"},"sameAs":["https:\/\/www.interiorismoestrada.com\/blog"],"url":"https:\/\/www.interiorismoestrada.com\/blog\/author\/interiorismo-estrada\/"}]}},"_links":{"self":[{"href":"https:\/\/www.interiorismoestrada.com\/blog\/wp-json\/wp\/v2\/posts\/210","targetHints":{"allow":["GET"]}}],"collection":[{"href":"https:\/\/www.interiorismoestrada.com\/blog\/wp-json\/wp\/v2\/posts"}],"about":[{"href":"https:\/\/www.interiorismoestrada.com\/blog\/wp-json\/wp\/v2\/types\/post"}],"author":[{"embeddable":true,"href":"https:\/\/www.interiorismoestrada.com\/blog\/wp-json\/wp\/v2\/users\/1"}],"replies":[{"embeddable":true,"href":"https:\/\/www.interiorismoestrada.com\/blog\/wp-json\/wp\/v2\/comments?post=210"}],"version-history":[{"count":3,"href":"https:\/\/www.interiorismoestrada.com\/blog\/wp-json\/wp\/v2\/posts\/210\/revisions"}],"predecessor-version":[{"id":214,"href":"https:\/\/www.interiorismoestrada.com\/blog\/wp-json\/wp\/v2\/posts\/210\/revisions\/214"}],"wp:featuredmedia":[{"embeddable":true,"href":"https:\/\/www.interiorismoestrada.com\/blog\/wp-json\/wp\/v2\/media\/213"}],"wp:attachment":[{"href":"https:\/\/www.interiorismoestrada.com\/blog\/wp-json\/wp\/v2\/media?parent=210"}],"wp:term":[{"taxonomy":"category","embeddable":true,"href":"https:\/\/www.interiorismoestrada.com\/blog\/wp-json\/wp\/v2\/categories?post=210"},{"taxonomy":"post_tag","embeddable":true,"href":"https:\/\/www.interiorismoestrada.com\/blog\/wp-json\/wp\/v2\/tags?post=210"}],"curies":[{"name":"wp","href":"https:\/\/api.w.org\/{rel}","templated":true}]}}