{"id":75,"date":"2021-10-30T07:52:07","date_gmt":"2021-10-30T07:52:07","guid":{"rendered":"https:\/\/www.interiorismoestrada.com\/blog\/?p=75"},"modified":"2021-10-30T08:08:05","modified_gmt":"2021-10-30T08:08:05","slug":"muebles-de-cocina-a-medida","status":"publish","type":"post","link":"https:\/\/www.interiorismoestrada.com\/blog\/2021\/10\/30\/muebles-de-cocina-a-medida\/","title":{"rendered":"Muebles de cocina a medida"},"content":{"rendered":"<h1><b>Dise\u00f1ar muebles de cocina a medida<\/b><\/h1>\n<p>es un ejercicio de sabidur\u00eda. \u00bfA qu\u00e9 se debe? A que, gracias a estos elementos, podemos crear un espacio absolutamente nuevo, nuestro, personalizado, propio y, sobre todo, \u00fanico.<\/p>\n<p>Mucha gente opta por comprar muebles en Ikea. Nosotros, por nuestra parte, no tenemos problema con ello. Entendemos que cada uno, dependiendo de su presupuesto y sus necesidades concretas, opta por lo que considera la mejor opci\u00f3n.<\/p>\n<p>Ahora bien, si se busca una cocina especial, por ejemplo, como las que estamos dise\u00f1ando en ciudades como <a href=\"https:\/\/es.wikipedia.org\/wiki\/Benidorm\" target=\"_blank\" rel=\"noopener\">Benidorm<\/a> ahora mismo, hay que optar por algo <b>moderno y \u00fanico<\/b>, especialmente creado para cada cliente.<\/p>\n<p>Y es que, de forma previa a lo que se vaya a hacer, hay que estudiar el uso concreto que tendr\u00e1 una cocina. As\u00ed es como se puede preparar un proyecto adecuado que d\u00e9 con las respuestas que busca el usuario.<\/p>\n<h2><b>Descubre c\u00f3mo dise\u00f1ar muebles de cocina a medida<\/b><\/h2>\n<p>Recordemos que la cocina tiene que tener en cuenta <b>las \u00e1reas de trabajo y los flujos<\/b>. As\u00ed, dependiendo del espacio total con el que se cuente, podemos definir la mejor estructura y proceder al dise\u00f1o de un mobiliario moderno, con cajones adecuados, moderno y funcional, combinando madera, granito y otros componentes y materiales que optimicen los trabajos finales.<\/p>\n<h3>Las \u00e1reas de trabajo de la cocina<\/h3>\n<p>Antes de dise\u00f1ar un mueble a medida, consideraremos las diversas \u00e1reas de trabajo. Tras un estudio pormenorizado conoceremos los espacios que quedan para las zonas que no deben faltar en la cocina:<\/p>\n<ul>\n<li aria-level=\"1\"><b>Zona de cocci\u00f3n<\/b>: se ubica el horno y la encimera.<\/li>\n<li aria-level=\"1\"><b>Preparaci\u00f3n<\/b>: lugar amplio de trabajo para preparar alimentos, emplatar, etc.<\/li>\n<li aria-level=\"1\"><b>Fregadero<\/b>: es la parte en que se limpian las vajillas, cubiertos, utensilios, etc.<\/li>\n<li aria-level=\"1\"><b>Almacenaje<\/b>: aqu\u00ed se guardan las herramientas de cocina.<\/li>\n<li aria-level=\"1\"><b>Despensa<\/b>: espacio para almacenar alimentos y conservas.<\/li>\n<\/ul>\n<h3>Muebles seg\u00fan tipos de cocina<\/h3>\n<p>Dependiendo del dise\u00f1o y la disposici\u00f3n de la cocina, podemos decidir qu\u00e9 tipos de muebles personalizados se crear\u00e1n, n\u00famero de cajones, estilo moderno o cl\u00e1sico, etc.<\/p>\n<p>Las cocinas sobre las que se suele trabajar son:<\/p>\n<ul>\n<li aria-level=\"1\"><b>Cocinas lineales<\/b>: en una l\u00ednea o en dos paralelas.<\/li>\n<li aria-level=\"1\"><b>Cocinas en L<\/b>: su nombre ya indica la disposici\u00f3n.<\/li>\n<li aria-level=\"1\"><b>Cocinas en U<\/b>: igual que el ejemplo anterior.<\/li>\n<\/ul>\n<p>Estas configuraciones nos muestran a los expertos en el dise\u00f1o de cocinas a medida c\u00f3mo tendremos que trabajar el mobiliario para que encaje todo a la perfecci\u00f3n. As\u00ed se crean espacios adecuados para un movimiento limpio y di\u00e1fano.<\/p>\n<h3>La modulaci\u00f3n<\/h3>\n<p>Finalmente, hemos de estar atentos a la modulaci\u00f3n de la cocina. Antes de trabajar en los muebles y dem\u00e1s, hay que saber c\u00f3mo se ha desarrollado la planimetr\u00eda. Y es que aqu\u00ed no se unen al azar diversos elementos. Se sigue una l\u00ednea l\u00f3gica de fabricaci\u00f3n.<\/p>\n<p>De modo que, por lo general, los m\u00f3dulos m\u00e1s usados para dise\u00f1ar cocinas son los siguientes:<\/p>\n<ul>\n<li aria-level=\"1\"><b>M\u00f3dulo inferior<\/b>: contiene un fondo y dos costados, una trasera y una repisa, una o dos puertas, unas barras de armar y un z\u00f3calo.<\/li>\n<li aria-level=\"1\"><b>M\u00f3dulo superior<\/b>: incluye un fondo, dos costados, una trasera, una repisa, un techo, una o dos puertas y las barras de armar.<\/li>\n<li aria-level=\"1\"><b>M\u00f3dulo torre<\/b>: es m\u00e1s simple o no, seg\u00fan se mire, pues necesita un fondo, dos costados, una trasera, un techo, un z\u00f3calo y una serie de puertas y repisas.<\/li>\n<\/ul>\n<p>\u00bfImaginabas que dise\u00f1ar muebles de cocina a medida era tan complejo? Pues lo es. De ah\u00ed que sea tan importante contar con empresas especialistas en el campo de la madera. As\u00ed que, <a href=\"https:\/\/www.interiorismoestrada.com\/contacto.html\">si est\u00e1s pensando en dar el paso, hazlo y cont\u00e1ctanos<\/a>. Seguro que tenemos la mejor soluci\u00f3n para ti.<\/p>\n","protected":false},"excerpt":{"rendered":"<p>Dise\u00f1ar muebles de cocina a medida es un ejercicio de sabidur\u00eda. \u00bfA qu\u00e9 se debe? A que, gracias a estos elementos, podemos crear un espacio absolutamente nuevo, nuestro, personalizado, propio y, sobre todo, \u00fanico. Mucha gente opta por comprar muebles en Ikea. Nosotros, por nuestra parte, no tenemos problema con ello. Entendemos que cada uno, dependiendo de su presupuesto y sus necesidades concretas, opta por lo que considera la mejor opci\u00f3n. Ahora bien, si se busca una cocina especial, por ejemplo, como las que estamos dise\u00f1ando en ciudades como Benidorm ahora mismo, hay que optar por algo moderno y \u00fanico, especialmente creado para cada cliente. Y es que, de forma previa a lo que se vaya a hacer, hay que estudiar el uso concreto que tendr\u00e1 una cocina. As\u00ed es como se puede preparar un proyecto adecuado que d\u00e9 con las respuestas que busca el usuario. Descubre c\u00f3mo dise\u00f1ar muebles de cocina a medida Recordemos que la cocina tiene que tener en cuenta las \u00e1reas de trabajo y los flujos. As\u00ed, dependiendo del espacio total con el que se cuente, podemos definir la mejor estructura y proceder al dise\u00f1o de un mobiliario moderno, con cajones adecuados, moderno y funcional, combinando madera, granito y otros componentes y materiales que optimicen los trabajos finales. Las \u00e1reas de trabajo de la cocina Antes de dise\u00f1ar un mueble a medida, consideraremos las diversas \u00e1reas de trabajo. Tras un estudio pormenorizado conoceremos los espacios que quedan para las zonas que no deben faltar en la cocina: Zona de cocci\u00f3n: se ubica el horno y la encimera. Preparaci\u00f3n: lugar amplio de trabajo para preparar alimentos, emplatar, etc. Fregadero: es la parte en que se limpian las vajillas, cubiertos, utensilios, etc. Almacenaje: aqu\u00ed se guardan las herramientas de cocina. Despensa: espacio para almacenar alimentos y conservas. Muebles seg\u00fan tipos de cocina Dependiendo del dise\u00f1o y la disposici\u00f3n de la cocina, podemos decidir qu\u00e9 tipos de muebles personalizados se crear\u00e1n, n\u00famero de cajones, estilo moderno o cl\u00e1sico, etc. Las cocinas sobre las que se suele trabajar son: Cocinas lineales: en una l\u00ednea o en dos paralelas. Cocinas en L: su nombre ya indica la disposici\u00f3n. Cocinas en U: igual que el ejemplo anterior. Estas configuraciones nos muestran a los expertos en el dise\u00f1o de cocinas a medida c\u00f3mo tendremos que trabajar el mobiliario para que encaje todo a la perfecci\u00f3n. As\u00ed se crean espacios adecuados para un movimiento limpio y di\u00e1fano. La modulaci\u00f3n Finalmente, hemos de estar atentos a la modulaci\u00f3n de la cocina. Antes de trabajar en los muebles y dem\u00e1s, hay que saber c\u00f3mo se ha desarrollado la planimetr\u00eda. Y es que aqu\u00ed no se unen al azar diversos elementos. Se sigue una l\u00ednea l\u00f3gica de fabricaci\u00f3n. De modo que, por lo general, los m\u00f3dulos m\u00e1s usados para dise\u00f1ar cocinas son los siguientes: M\u00f3dulo inferior: contiene un fondo y dos costados, una trasera y una repisa, una o dos puertas, unas barras de armar y un z\u00f3calo. M\u00f3dulo superior: incluye un fondo, dos costados, una trasera, una repisa, un techo, una o dos puertas y las barras de armar. M\u00f3dulo torre: es m\u00e1s simple o no, seg\u00fan se mire, pues necesita un fondo, dos costados, una trasera, un techo, un z\u00f3calo y una serie de puertas y repisas. \u00bfImaginabas que dise\u00f1ar muebles de cocina a medida era tan complejo? Pues lo es. De ah\u00ed que sea tan importante contar con empresas especialistas en el campo de la madera. As\u00ed que, si est\u00e1s pensando en dar el paso, hazlo y cont\u00e1ctanos. Seguro que tenemos la mejor soluci\u00f3n para ti.<\/p>\n","protected":false},"author":1,"featured_media":76,"comment_status":"open","ping_status":"closed","sticky":false,"template":"","format":"standard","meta":{"footnotes":""},"categories":[12,9],"tags":[],"class_list":["post-75","post","type-post","status-publish","format-standard","has-post-thumbnail","hentry","category-cocinas-a-medida","category-valencia"],"yoast_head":"<!-- This site is optimized with the Yoast SEO plugin v27.2 - https:\/\/yoast.com\/product\/yoast-seo-wordpress\/ -->\n<title>Muebles de cocina a medida - Blog Interiorismo Estrada<\/title>\n<meta name=\"description\" content=\"Te creamos un espacio absolutamente nuevo, tuyo, personalizado, propio y, sobre todo, \u00fanico.\u00a0Dise\u00f1amos la cocina de tus sue\u00f1os a medida.\" \/>\n<meta name=\"robots\" content=\"index, follow, max-snippet:-1, max-image-preview:large, max-video-preview:-1\" \/>\n<link rel=\"canonical\" href=\"https:\/\/www.interiorismoestrada.com\/blog\/2021\/10\/30\/muebles-de-cocina-a-medida\/\" \/>\n<meta property=\"og:locale\" content=\"es_ES\" \/>\n<meta property=\"og:type\" content=\"article\" \/>\n<meta property=\"og:title\" content=\"Muebles de cocina a medida - Blog Interiorismo Estrada\" \/>\n<meta property=\"og:description\" content=\"Te creamos un espacio absolutamente nuevo, tuyo, personalizado, propio y, sobre todo, \u00fanico.\u00a0Dise\u00f1amos la cocina de tus sue\u00f1os a medida.\" \/>\n<meta property=\"og:url\" content=\"https:\/\/www.interiorismoestrada.com\/blog\/2021\/10\/30\/muebles-de-cocina-a-medida\/\" \/>\n<meta property=\"og:site_name\" content=\"Blog Interiorismo Estrada\" \/>\n<meta property=\"article:published_time\" content=\"2021-10-30T07:52:07+00:00\" \/>\n<meta property=\"article:modified_time\" content=\"2021-10-30T08:08:05+00:00\" \/>\n<meta property=\"og:image\" content=\"https:\/\/www.interiorismoestrada.com\/blog\/wp-content\/uploads\/2021\/10\/cocina-a-medida-en-Benidorm-chalet-de-lujo.jpg\" \/>\n\t<meta property=\"og:image:width\" content=\"540\" \/>\n\t<meta property=\"og:image:height\" content=\"390\" \/>\n\t<meta property=\"og:image:type\" content=\"image\/jpeg\" \/>\n<meta name=\"author\" content=\"Interiorismo Estrada\" \/>\n<meta name=\"twitter:card\" content=\"summary_large_image\" \/>\n<meta name=\"twitter:label1\" content=\"Escrito por\" \/>\n\t<meta name=\"twitter:data1\" content=\"Interiorismo Estrada\" \/>\n\t<meta name=\"twitter:label2\" content=\"Tiempo de lectura\" \/>\n\t<meta name=\"twitter:data2\" content=\"3 minutos\" \/>\n<script type=\"application\/ld+json\" class=\"yoast-schema-graph\">{\"@context\":\"https:\/\/schema.org\",\"@graph\":[{\"@type\":\"Article\",\"@id\":\"https:\/\/www.interiorismoestrada.com\/blog\/2021\/10\/30\/muebles-de-cocina-a-medida\/#article\",\"isPartOf\":{\"@id\":\"https:\/\/www.interiorismoestrada.com\/blog\/2021\/10\/30\/muebles-de-cocina-a-medida\/\"},\"author\":{\"name\":\"Interiorismo Estrada\",\"@id\":\"https:\/\/www.interiorismoestrada.com\/blog\/#\/schema\/person\/242c1b14e7c0c8bdb8cd79e4d82834a1\"},\"headline\":\"Muebles de cocina a medida\",\"datePublished\":\"2021-10-30T07:52:07+00:00\",\"dateModified\":\"2021-10-30T08:08:05+00:00\",\"mainEntityOfPage\":{\"@id\":\"https:\/\/www.interiorismoestrada.com\/blog\/2021\/10\/30\/muebles-de-cocina-a-medida\/\"},\"wordCount\":641,\"commentCount\":0,\"image\":{\"@id\":\"https:\/\/www.interiorismoestrada.com\/blog\/2021\/10\/30\/muebles-de-cocina-a-medida\/#primaryimage\"},\"thumbnailUrl\":\"https:\/\/www.interiorismoestrada.com\/blog\/wp-content\/uploads\/2021\/10\/cocina-a-medida-en-Benidorm-chalet-de-lujo.jpg\",\"articleSection\":[\"Cocinas a medida\",\"Valencia\"],\"inLanguage\":\"es\",\"potentialAction\":[{\"@type\":\"CommentAction\",\"name\":\"Comment\",\"target\":[\"https:\/\/www.interiorismoestrada.com\/blog\/2021\/10\/30\/muebles-de-cocina-a-medida\/#respond\"]}]},{\"@type\":\"WebPage\",\"@id\":\"https:\/\/www.interiorismoestrada.com\/blog\/2021\/10\/30\/muebles-de-cocina-a-medida\/\",\"url\":\"https:\/\/www.interiorismoestrada.com\/blog\/2021\/10\/30\/muebles-de-cocina-a-medida\/\",\"name\":\"Muebles de cocina a medida - Blog Interiorismo Estrada\",\"isPartOf\":{\"@id\":\"https:\/\/www.interiorismoestrada.com\/blog\/#website\"},\"primaryImageOfPage\":{\"@id\":\"https:\/\/www.interiorismoestrada.com\/blog\/2021\/10\/30\/muebles-de-cocina-a-medida\/#primaryimage\"},\"image\":{\"@id\":\"https:\/\/www.interiorismoestrada.com\/blog\/2021\/10\/30\/muebles-de-cocina-a-medida\/#primaryimage\"},\"thumbnailUrl\":\"https:\/\/www.interiorismoestrada.com\/blog\/wp-content\/uploads\/2021\/10\/cocina-a-medida-en-Benidorm-chalet-de-lujo.jpg\",\"datePublished\":\"2021-10-30T07:52:07+00:00\",\"dateModified\":\"2021-10-30T08:08:05+00:00\",\"author\":{\"@id\":\"https:\/\/www.interiorismoestrada.com\/blog\/#\/schema\/person\/242c1b14e7c0c8bdb8cd79e4d82834a1\"},\"description\":\"Te creamos un espacio absolutamente nuevo, tuyo, personalizado, propio y, sobre todo, \u00fanico.\u00a0Dise\u00f1amos la cocina de tus sue\u00f1os a medida.\",\"breadcrumb\":{\"@id\":\"https:\/\/www.interiorismoestrada.com\/blog\/2021\/10\/30\/muebles-de-cocina-a-medida\/#breadcrumb\"},\"inLanguage\":\"es\",\"potentialAction\":[{\"@type\":\"ReadAction\",\"target\":[\"https:\/\/www.interiorismoestrada.com\/blog\/2021\/10\/30\/muebles-de-cocina-a-medida\/\"]}]},{\"@type\":\"ImageObject\",\"inLanguage\":\"es\",\"@id\":\"https:\/\/www.interiorismoestrada.com\/blog\/2021\/10\/30\/muebles-de-cocina-a-medida\/#primaryimage\",\"url\":\"https:\/\/www.interiorismoestrada.com\/blog\/wp-content\/uploads\/2021\/10\/cocina-a-medida-en-Benidorm-chalet-de-lujo.jpg\",\"contentUrl\":\"https:\/\/www.interiorismoestrada.com\/blog\/wp-content\/uploads\/2021\/10\/cocina-a-medida-en-Benidorm-chalet-de-lujo.jpg\",\"width\":540,\"height\":390,\"caption\":\"Cocina totalmente hecha a media, en met\u00e1lico y madera\"},{\"@type\":\"BreadcrumbList\",\"@id\":\"https:\/\/www.interiorismoestrada.com\/blog\/2021\/10\/30\/muebles-de-cocina-a-medida\/#breadcrumb\",\"itemListElement\":[{\"@type\":\"ListItem\",\"position\":1,\"name\":\"Portada\",\"item\":\"https:\/\/www.interiorismoestrada.com\/blog\/\"},{\"@type\":\"ListItem\",\"position\":2,\"name\":\"Muebles de cocina a medida\"}]},{\"@type\":\"WebSite\",\"@id\":\"https:\/\/www.interiorismoestrada.com\/blog\/#website\",\"url\":\"https:\/\/www.interiorismoestrada.com\/blog\/\",\"name\":\"Blog Interiorismo Estrada\",\"description\":\"Especialistas en carpinter\u00eda y ebanister\u00eda\",\"potentialAction\":[{\"@type\":\"SearchAction\",\"target\":{\"@type\":\"EntryPoint\",\"urlTemplate\":\"https:\/\/www.interiorismoestrada.com\/blog\/?s={search_term_string}\"},\"query-input\":{\"@type\":\"PropertyValueSpecification\",\"valueRequired\":true,\"valueName\":\"search_term_string\"}}],\"inLanguage\":\"es\"},{\"@type\":\"Person\",\"@id\":\"https:\/\/www.interiorismoestrada.com\/blog\/#\/schema\/person\/242c1b14e7c0c8bdb8cd79e4d82834a1\",\"name\":\"Interiorismo Estrada\",\"image\":{\"@type\":\"ImageObject\",\"inLanguage\":\"es\",\"@id\":\"https:\/\/secure.gravatar.com\/avatar\/134325dbe74596d45379805d09e32dd8e2c10958f76cc571246d0254c57989e1?s=96&d=mm&r=g\",\"url\":\"https:\/\/secure.gravatar.com\/avatar\/134325dbe74596d45379805d09e32dd8e2c10958f76cc571246d0254c57989e1?s=96&d=mm&r=g\",\"contentUrl\":\"https:\/\/secure.gravatar.com\/avatar\/134325dbe74596d45379805d09e32dd8e2c10958f76cc571246d0254c57989e1?s=96&d=mm&r=g\",\"caption\":\"Interiorismo Estrada\"},\"sameAs\":[\"https:\/\/www.interiorismoestrada.com\/blog\"],\"url\":\"https:\/\/www.interiorismoestrada.com\/blog\/author\/interiorismo-estrada\/\"}]}<\/script>\n<!-- \/ Yoast SEO plugin. -->","yoast_head_json":{"title":"Muebles de cocina a medida - Blog Interiorismo Estrada","description":"Te creamos un espacio absolutamente nuevo, tuyo, personalizado, propio y, sobre todo, \u00fanico.\u00a0Dise\u00f1amos la cocina de tus sue\u00f1os a medida.","robots":{"index":"index","follow":"follow","max-snippet":"max-snippet:-1","max-image-preview":"max-image-preview:large","max-video-preview":"max-video-preview:-1"},"canonical":"https:\/\/www.interiorismoestrada.com\/blog\/2021\/10\/30\/muebles-de-cocina-a-medida\/","og_locale":"es_ES","og_type":"article","og_title":"Muebles de cocina a medida - Blog Interiorismo Estrada","og_description":"Te creamos un espacio absolutamente nuevo, tuyo, personalizado, propio y, sobre todo, \u00fanico.\u00a0Dise\u00f1amos la cocina de tus sue\u00f1os a medida.","og_url":"https:\/\/www.interiorismoestrada.com\/blog\/2021\/10\/30\/muebles-de-cocina-a-medida\/","og_site_name":"Blog Interiorismo Estrada","article_published_time":"2021-10-30T07:52:07+00:00","article_modified_time":"2021-10-30T08:08:05+00:00","og_image":[{"width":540,"height":390,"url":"https:\/\/www.interiorismoestrada.com\/blog\/wp-content\/uploads\/2021\/10\/cocina-a-medida-en-Benidorm-chalet-de-lujo.jpg","type":"image\/jpeg"}],"author":"Interiorismo Estrada","twitter_card":"summary_large_image","twitter_misc":{"Escrito por":"Interiorismo Estrada","Tiempo de lectura":"3 minutos"},"schema":{"@context":"https:\/\/schema.org","@graph":[{"@type":"Article","@id":"https:\/\/www.interiorismoestrada.com\/blog\/2021\/10\/30\/muebles-de-cocina-a-medida\/#article","isPartOf":{"@id":"https:\/\/www.interiorismoestrada.com\/blog\/2021\/10\/30\/muebles-de-cocina-a-medida\/"},"author":{"name":"Interiorismo Estrada","@id":"https:\/\/www.interiorismoestrada.com\/blog\/#\/schema\/person\/242c1b14e7c0c8bdb8cd79e4d82834a1"},"headline":"Muebles de cocina a medida","datePublished":"2021-10-30T07:52:07+00:00","dateModified":"2021-10-30T08:08:05+00:00","mainEntityOfPage":{"@id":"https:\/\/www.interiorismoestrada.com\/blog\/2021\/10\/30\/muebles-de-cocina-a-medida\/"},"wordCount":641,"commentCount":0,"image":{"@id":"https:\/\/www.interiorismoestrada.com\/blog\/2021\/10\/30\/muebles-de-cocina-a-medida\/#primaryimage"},"thumbnailUrl":"https:\/\/www.interiorismoestrada.com\/blog\/wp-content\/uploads\/2021\/10\/cocina-a-medida-en-Benidorm-chalet-de-lujo.jpg","articleSection":["Cocinas a medida","Valencia"],"inLanguage":"es","potentialAction":[{"@type":"CommentAction","name":"Comment","target":["https:\/\/www.interiorismoestrada.com\/blog\/2021\/10\/30\/muebles-de-cocina-a-medida\/#respond"]}]},{"@type":"WebPage","@id":"https:\/\/www.interiorismoestrada.com\/blog\/2021\/10\/30\/muebles-de-cocina-a-medida\/","url":"https:\/\/www.interiorismoestrada.com\/blog\/2021\/10\/30\/muebles-de-cocina-a-medida\/","name":"Muebles de cocina a medida - Blog Interiorismo Estrada","isPartOf":{"@id":"https:\/\/www.interiorismoestrada.com\/blog\/#website"},"primaryImageOfPage":{"@id":"https:\/\/www.interiorismoestrada.com\/blog\/2021\/10\/30\/muebles-de-cocina-a-medida\/#primaryimage"},"image":{"@id":"https:\/\/www.interiorismoestrada.com\/blog\/2021\/10\/30\/muebles-de-cocina-a-medida\/#primaryimage"},"thumbnailUrl":"https:\/\/www.interiorismoestrada.com\/blog\/wp-content\/uploads\/2021\/10\/cocina-a-medida-en-Benidorm-chalet-de-lujo.jpg","datePublished":"2021-10-30T07:52:07+00:00","dateModified":"2021-10-30T08:08:05+00:00","author":{"@id":"https:\/\/www.interiorismoestrada.com\/blog\/#\/schema\/person\/242c1b14e7c0c8bdb8cd79e4d82834a1"},"description":"Te creamos un espacio absolutamente nuevo, tuyo, personalizado, propio y, sobre todo, \u00fanico.\u00a0Dise\u00f1amos la cocina de tus sue\u00f1os a medida.","breadcrumb":{"@id":"https:\/\/www.interiorismoestrada.com\/blog\/2021\/10\/30\/muebles-de-cocina-a-medida\/#breadcrumb"},"inLanguage":"es","potentialAction":[{"@type":"ReadAction","target":["https:\/\/www.interiorismoestrada.com\/blog\/2021\/10\/30\/muebles-de-cocina-a-medida\/"]}]},{"@type":"ImageObject","inLanguage":"es","@id":"https:\/\/www.interiorismoestrada.com\/blog\/2021\/10\/30\/muebles-de-cocina-a-medida\/#primaryimage","url":"https:\/\/www.interiorismoestrada.com\/blog\/wp-content\/uploads\/2021\/10\/cocina-a-medida-en-Benidorm-chalet-de-lujo.jpg","contentUrl":"https:\/\/www.interiorismoestrada.com\/blog\/wp-content\/uploads\/2021\/10\/cocina-a-medida-en-Benidorm-chalet-de-lujo.jpg","width":540,"height":390,"caption":"Cocina totalmente hecha a media, en met\u00e1lico y madera"},{"@type":"BreadcrumbList","@id":"https:\/\/www.interiorismoestrada.com\/blog\/2021\/10\/30\/muebles-de-cocina-a-medida\/#breadcrumb","itemListElement":[{"@type":"ListItem","position":1,"name":"Portada","item":"https:\/\/www.interiorismoestrada.com\/blog\/"},{"@type":"ListItem","position":2,"name":"Muebles de cocina a medida"}]},{"@type":"WebSite","@id":"https:\/\/www.interiorismoestrada.com\/blog\/#website","url":"https:\/\/www.interiorismoestrada.com\/blog\/","name":"Blog Interiorismo Estrada","description":"Especialistas en carpinter\u00eda y ebanister\u00eda","potentialAction":[{"@type":"SearchAction","target":{"@type":"EntryPoint","urlTemplate":"https:\/\/www.interiorismoestrada.com\/blog\/?s={search_term_string}"},"query-input":{"@type":"PropertyValueSpecification","valueRequired":true,"valueName":"search_term_string"}}],"inLanguage":"es"},{"@type":"Person","@id":"https:\/\/www.interiorismoestrada.com\/blog\/#\/schema\/person\/242c1b14e7c0c8bdb8cd79e4d82834a1","name":"Interiorismo Estrada","image":{"@type":"ImageObject","inLanguage":"es","@id":"https:\/\/secure.gravatar.com\/avatar\/134325dbe74596d45379805d09e32dd8e2c10958f76cc571246d0254c57989e1?s=96&d=mm&r=g","url":"https:\/\/secure.gravatar.com\/avatar\/134325dbe74596d45379805d09e32dd8e2c10958f76cc571246d0254c57989e1?s=96&d=mm&r=g","contentUrl":"https:\/\/secure.gravatar.com\/avatar\/134325dbe74596d45379805d09e32dd8e2c10958f76cc571246d0254c57989e1?s=96&d=mm&r=g","caption":"Interiorismo Estrada"},"sameAs":["https:\/\/www.interiorismoestrada.com\/blog"],"url":"https:\/\/www.interiorismoestrada.com\/blog\/author\/interiorismo-estrada\/"}]}},"_links":{"self":[{"href":"https:\/\/www.interiorismoestrada.com\/blog\/wp-json\/wp\/v2\/posts\/75","targetHints":{"allow":["GET"]}}],"collection":[{"href":"https:\/\/www.interiorismoestrada.com\/blog\/wp-json\/wp\/v2\/posts"}],"about":[{"href":"https:\/\/www.interiorismoestrada.com\/blog\/wp-json\/wp\/v2\/types\/post"}],"author":[{"embeddable":true,"href":"https:\/\/www.interiorismoestrada.com\/blog\/wp-json\/wp\/v2\/users\/1"}],"replies":[{"embeddable":true,"href":"https:\/\/www.interiorismoestrada.com\/blog\/wp-json\/wp\/v2\/comments?post=75"}],"version-history":[{"count":2,"href":"https:\/\/www.interiorismoestrada.com\/blog\/wp-json\/wp\/v2\/posts\/75\/revisions"}],"predecessor-version":[{"id":78,"href":"https:\/\/www.interiorismoestrada.com\/blog\/wp-json\/wp\/v2\/posts\/75\/revisions\/78"}],"wp:featuredmedia":[{"embeddable":true,"href":"https:\/\/www.interiorismoestrada.com\/blog\/wp-json\/wp\/v2\/media\/76"}],"wp:attachment":[{"href":"https:\/\/www.interiorismoestrada.com\/blog\/wp-json\/wp\/v2\/media?parent=75"}],"wp:term":[{"taxonomy":"category","embeddable":true,"href":"https:\/\/www.interiorismoestrada.com\/blog\/wp-json\/wp\/v2\/categories?post=75"},{"taxonomy":"post_tag","embeddable":true,"href":"https:\/\/www.interiorismoestrada.com\/blog\/wp-json\/wp\/v2\/tags?post=75"}],"curies":[{"name":"wp","href":"https:\/\/api.w.org\/{rel}","templated":true}]}}